{"id":1042,"date":"2020-10-02T20:30:13","date_gmt":"2020-10-02T20:30:13","guid":{"rendered":"https:\/\/petdireito.ufpr.br\/?p=1042"},"modified":"2020-10-02T20:33:17","modified_gmt":"2020-10-02T20:33:17","slug":"a-conta-de-agua-vai-subir","status":"publish","type":"post","link":"https:\/\/petdireito.ufpr.br\/index.php\/2020\/10\/02\/a-conta-de-agua-vai-subir\/","title":{"rendered":"A conta de \u00e1gua vai subir?"},"content":{"rendered":"<p>O PET Direito Explica \u00e9 uma s\u00e9rie de v\u00eddeos informativos organizados pelos estudantes do PET Direito da UFPR, que visa abordar e trazer para a comunidade as principais discuss\u00f5es jur\u00eddicas levantadas atualmente no Brasil. Aqui voc\u00ea encontra as principais informa\u00e7\u00f5es trazidas pelo nosso primeiro informativo e os artigos e reportagens utilizados para sua elabora\u00e7\u00e3o e recomendadas para aprofundamento.<\/p>\n<p>No v\u00eddeo de hoje: \u201cPET Direito Explica: A conta de \u00e1gua vai subir?\u201d<\/p>\n<p>Confira no nosso canal do YouTube:\u00a0<a href=\"https:\/\/www.youtube.com\/watch?v=7fkEoHCofrY&amp;ab_channel=PETDireitoUFPR\">clique aqui<\/a><\/p>\n<p>A tarifa da \u00e1gua vai subir? No in\u00edcio do m\u00eas de setembro a AGEPAR anunciou a suspens\u00e3o do reajuste da tarifa da SANEPAR. O v\u00eddeo explora os conceitos de tarifa, reajuste, revis\u00e3o e explica as raz\u00f5es do poss\u00edvel aumento da conta de \u00e1gua no Paran\u00e1.<\/p>\n<p>Resolu\u00e7\u00e3o n. 19 &#8211; https:\/\/www.documentador.pr.gov.br\/documentador\/pub.do?action=d&amp;uuid=@gtf-escriba-agepar@552c396d-37ad-46d7-b051-091a84b199b3&amp;emPg=true<\/p>\n<p>Resolu\u00e7\u00e3o n. 20 &#8211; https:\/\/www.documentador.pr.gov.br\/documentador\/pub.do?action=d&amp;uuid=@gtf-escriba-agepar@6ce7785c-f8da-4b3c-956f-83c6557216ff&amp;emPg=true<\/p>\n<p>Refer\u00eancia: C\u00c2MARA, Jacintho Arruda. Tarifa nas concess\u00f5es. S\u00e3o Paulo: Malheiros, 2009.<\/p>\n","protected":false},"excerpt":{"rendered":"<p>O PET Direito Explica \u00e9 uma s\u00e9rie de v\u00eddeos informativos organizados pelos estudantes do PET Direito da UFPR, que visa abordar e trazer para a comunidade as principais discuss\u00f5es jur\u00eddicas levantadas atualmente no Brasil. Aqui voc\u00ea encontra as&#8230; <a class=\"read-more\" href=\"https:\/\/petdireito.ufpr.br\/index.php\/2020\/10\/02\/a-conta-de-agua-vai-subir\/\">Read More<\/a><\/p>\n","protected":false},"author":1,"featured_media":0,"comment_status":"open","ping_status":"open","sticky":false,"template":"","format":"standard","meta":{"footnotes":""},"categories":[19],"tags":[],"class_list":["post-1042","post","type-post","status-publish","format-standard","hentry","category-pet-direito-explica"],"_links":{"self":[{"href":"https:\/\/petdireito.ufpr.br\/index.php\/wp-json\/wp\/v2\/posts\/1042","targetHints":{"allow":["GET"]}}],"collection":[{"href":"https:\/\/petdireito.ufpr.br\/index.php\/wp-json\/wp\/v2\/posts"}],"about":[{"href":"https:\/\/petdireito.ufpr.br\/index.php\/wp-json\/wp\/v2\/types\/post"}],"author":[{"embeddable":true,"href":"https:\/\/petdireito.ufpr.br\/index.php\/wp-json\/wp\/v2\/users\/1"}],"replies":[{"embeddable":true,"href":"https:\/\/petdireito.ufpr.br\/index.php\/wp-json\/wp\/v2\/comments?post=1042"}],"version-history":[{"count":2,"href":"https:\/\/petdireito.ufpr.br\/index.php\/wp-json\/wp\/v2\/posts\/1042\/revisions"}],"predecessor-version":[{"id":1044,"href":"https:\/\/petdireito.ufpr.br\/index.php\/wp-json\/wp\/v2\/posts\/1042\/revisions\/1044"}],"wp:attachment":[{"href":"https:\/\/petdireito.ufpr.br\/index.php\/wp-json\/wp\/v2\/media?parent=1042"}],"wp:term":[{"taxonomy":"category","embeddable":true,"href":"https:\/\/petdireito.ufpr.br\/index.php\/wp-json\/wp\/v2\/categories?post=1042"},{"taxonomy":"post_tag","embeddable":true,"href":"https:\/\/petdireito.ufpr.br\/index.php\/wp-json\/wp\/v2\/tags?post=1042"}],"curies":[{"name":"wp","href":"https:\/\/api.w.org\/{rel}","templated":true}]}}