{"id":326,"date":"2016-05-18T02:39:10","date_gmt":"2016-05-18T02:39:10","guid":{"rendered":"https:\/\/petdireito.ufpr.br\/?p=326"},"modified":"2016-05-18T02:39:10","modified_gmt":"2016-05-18T02:39:10","slug":"3o-encontro-do-grupo-de-estudos-pet-direito-ufpr-peticao-3-3882009-e-a-demarcacao-da-terra-indigena-raposa-serra-do-sol","status":"publish","type":"post","link":"https:\/\/petdireito.ufpr.br\/index.php\/2016\/05\/18\/3o-encontro-do-grupo-de-estudos-pet-direito-ufpr-peticao-3-3882009-e-a-demarcacao-da-terra-indigena-raposa-serra-do-sol\/","title":{"rendered":"3\u00ba Encontro do Grupo de Estudos PET-Direito UFPR: Peti\u00e7\u00e3o 3.388\/2009 e a demarca\u00e7\u00e3o da Terra Ind\u00edgena Raposa Serra do Sol"},"content":{"rendered":"<p>O Grupo PET-Direito UFPR convida todas e todos a participarem da terceira reuni\u00e3o do Grupo de Estudos deste ano, a ser realizada no dia 20\/05\/2016, sexta-feira, \u00e0s 17h00, na sala Lamartine Corr\u00eaa de Oliveira, 315, 3\u00ba andar, na Faculdade de Direito da UFPR. Neste ano, o Grupo pretende analisar as decis\u00f5es do Supremo Tribunal Federal (STF) em temas envolvendo a alteridade. Para o primeiro semestre, o grupo programou quatro encontros, a fim de debater as seguintes tem\u00e1ticas: a execu\u00e7\u00e3o provis\u00f3ria de pena sem tr\u00e2nsito em julgado da senten\u00e7a condenat\u00f3ria, a uni\u00e3o homoafetiva, a demarca\u00e7\u00e3o de terras ind\u00edgenas e as a\u00e7\u00f5es afirmativas. Cada encontro contar\u00e1 com a presen\u00e7a de um convidado como facilitador das discuss\u00f5es.<span class=\"text_exposed_show\"> A an\u00e1lise das decis\u00f5es ser\u00e1 realizada pela exposi\u00e7\u00e3o dos argumentos centrais dos votos dos ministros, acompanhada de textos de apoio com posicionamentos sobre os temas. O terceiro encontro toma como objeto os votos do julgamento da Peti\u00e7\u00e3o 3.388, em 2009, sob a relatoria do Ministro Carlos Ayres Britto, na A\u00e7\u00e3o Popular ajuizada pelo senador da Rep\u00fablica Augusto Affonso Botelho Neto, no ano de 2005, pleiteando a declara\u00e7\u00e3o da nulidade da Portaria n\u00ba 534\/2005, que estabeleceu um modelo cont\u00ednuo de demarca\u00e7\u00e3o da Terra Ind\u00edgena Raposa Serra do Sol, situada no estado de Roraima. Os convidados deste segundo encontro ser\u00e3o o professor titular de Direito Agr\u00e1rio e Socioambiental dos Programas de Gradua\u00e7\u00e3o e P\u00f3s-Gradua\u00e7\u00e3o da Pontif\u00edcia Universidade Cat\u00f3lica do Paran\u00e1 Dr. Carlos Frederico Mar\u00e9s de Souza Filho e o doutorando em direito na Universidade Federal do Paran\u00e1 e professor substituto de Hist\u00f3ria do Direito na Universidade Federal do Paran\u00e1 Thiago Freitas Hansen.<\/span><\/p>\n<p>As reuni\u00f5es do Grupo de Estudos do PET s\u00e3o abertas a toda a comunidade acad\u00eamica. Contamos com a presen\u00e7a de todas e todos!<\/p>\n<p>Textos de apoio:<br \/>\n1) Voto do Ministro-Relator Carlos Ayres Britto, das p\u00e1ginas 7 a 32: <a href=\"https:\/\/petdireito.ufpr.br\/wp-content\/uploads\/2016\/05\/Julgamento-Plen%C3%A1rio-A%C3%A7%C3%A3o-3.388.pdf\" target=\"_blank\" rel=\"nofollow nofollow\">http:\/\/<wbr \/>petdireito.ufpr.br\/<wbr \/>wp-content\/uploads\/2016\/05\/<wbr \/>Julgamento-Plen\u00e1rio-A\u00e7\u00e3o-3.<wbr \/>388.pdf<\/a><\/p>\n<p>Evento no facebook:\u00a0<a href=\"https:\/\/www.facebook.com\/events\/131261277285806\/\">https:\/\/www.facebook.com\/events\/131261277285806\/<\/a><\/p>\n","protected":false},"excerpt":{"rendered":"<p>O Grupo PET-Direito UFPR convida todas e todos a participarem da terceira reuni\u00e3o do Grupo de Estudos deste ano, a ser realizada no dia 20\/05\/2016, sexta-feira, \u00e0s 17h00, na sala Lamartine Corr\u00eaa de Oliveira, 315, 3\u00ba andar, na&#8230; <a class=\"read-more\" href=\"https:\/\/petdireito.ufpr.br\/index.php\/2016\/05\/18\/3o-encontro-do-grupo-de-estudos-pet-direito-ufpr-peticao-3-3882009-e-a-demarcacao-da-terra-indigena-raposa-serra-do-sol\/\">Read More<\/a><\/p>\n","protected":false},"author":1,"featured_media":0,"comment_status":"open","ping_status":"open","sticky":false,"template":"","format":"standard","meta":{"footnotes":""},"categories":[3],"tags":[],"class_list":["post-326","post","type-post","status-publish","format-standard","hentry","category-eventos"],"_links":{"self":[{"href":"https:\/\/petdireito.ufpr.br\/index.php\/wp-json\/wp\/v2\/posts\/326","targetHints":{"allow":["GET"]}}],"collection":[{"href":"https:\/\/petdireito.ufpr.br\/index.php\/wp-json\/wp\/v2\/posts"}],"about":[{"href":"https:\/\/petdireito.ufpr.br\/index.php\/wp-json\/wp\/v2\/types\/post"}],"author":[{"embeddable":true,"href":"https:\/\/petdireito.ufpr.br\/index.php\/wp-json\/wp\/v2\/users\/1"}],"replies":[{"embeddable":true,"href":"https:\/\/petdireito.ufpr.br\/index.php\/wp-json\/wp\/v2\/comments?post=326"}],"version-history":[{"count":1,"href":"https:\/\/petdireito.ufpr.br\/index.php\/wp-json\/wp\/v2\/posts\/326\/revisions"}],"predecessor-version":[{"id":327,"href":"https:\/\/petdireito.ufpr.br\/index.php\/wp-json\/wp\/v2\/posts\/326\/revisions\/327"}],"wp:attachment":[{"href":"https:\/\/petdireito.ufpr.br\/index.php\/wp-json\/wp\/v2\/media?parent=326"}],"wp:term":[{"taxonomy":"category","embeddable":true,"href":"https:\/\/petdireito.ufpr.br\/index.php\/wp-json\/wp\/v2\/categories?post=326"},{"taxonomy":"post_tag","embeddable":true,"href":"https:\/\/petdireito.ufpr.br\/index.php\/wp-json\/wp\/v2\/tags?post=326"}],"curies":[{"name":"wp","href":"https:\/\/api.w.org\/{rel}","templated":true}]}}